{"id":1774,"date":"2019-01-29T22:11:01","date_gmt":"2019-01-29T21:11:01","guid":{"rendered":"http:\/\/carolesthetique-aix.fr\/?p=1774"},"modified":"2021-04-25T22:13:37","modified_gmt":"2021-04-25T20:13:37","slug":"comment-vous-proteger-du-froid","status":"publish","type":"post","link":"https:\/\/www.carolesthetique-aix.fr\/index.php\/2019\/01\/29\/comment-vous-proteger-du-froid\/","title":{"rendered":"Comment vous prot\u00e9ger du froid ?"},"content":{"rendered":"<p>Bonjour \u00e0 toutes !<\/p>\n<p>Aujourd&rsquo;hui je vous d\u00e9voile des conseils et astuces pour que votre peau &lsquo;survivre&rsquo; au froid hivernal et qu&rsquo;elle reste en pleine forme !<\/p>\n<p>1- Hydratez vous le plus possible : tisane, eau plate, th\u00e9&#8230;<\/p>\n<p>2- Faites une cure de Magn\u00e9sium et\/ou de Vitamines et mangez \u00e9quilibr\u00e9 : fruits, l\u00e9gumes, jus de citron et d&rsquo;oranges press\u00e9es, poissons gras et Omega 3&#8230;<\/p>\n<p>3- Investissez dans une cr\u00e8me hydratante pour votre visage, pas trop riche, avec peu d&rsquo;eau, \u00e0 adapter selon votre type de peau (trop s\u00e8che ou \u00e0 l&rsquo;inverse trop grasse). Privil\u00e9giez les huiles v\u00e9g\u00e9tales qui sont naturelles et saines comme par exemple l&rsquo;huile d&rsquo;avocat, l&rsquo;huile d&rsquo;argan, l&rsquo;huile de ricin&#8230; ou encore le Bio ! Carol&rsquo;Esth\u00e9tique vous propose des produits de qualit\u00e9 de la gamme Oxalia.<\/p>\n<p style=\"text-align: center;\"><strong>Attention \u00e0 bien v\u00e9rifier que vos produits ne soient pas com\u00e9dog\u00e8nes !<\/strong><\/p>\n<p style=\"text-align: center;\"><strong>Cela risquerait de g\u00e9n\u00e9rer des imperfections comme des com\u00e9dons ou des boutons<br \/>\n<\/strong><\/p>\n<p>4- Faites des soins visage au moins une fois par mois (gommages, masques) ou prenez rendez vous avec votre Esth\u00e9ticienne Carol&rsquo;Esth\u00e9tique directement en ligne ou par t\u00e9l\u00e9phone pour un soin personnalis\u00e9 \ud83d\ude09<\/p>\n<p>5- Couvrez vous au maximum et prot\u00e9gez bien votre visage, vos mains et vos oreilles pour \u00e9viter les tiraillements !<\/p>\n<p>6- Ne prenez pas des bains trop chauds et \u00e9vitez le contraste &lsquo;Chaud-Froid&rsquo;, cela fragilisera et ass\u00e8chera votre \u00e9piderme ! Des rougeurs risqueraient d&rsquo;apparaitre \ud83d\ude41<\/p>\n<p>7- Ne n\u00e9gligez pas vos l\u00e8vres, et mettez r\u00e9guli\u00e8rement un baume hydratant.<\/p>\n<p>8- Enfin, n&rsquo;oubliez pas de nourrir les mains et d&rsquo;hydrater le corps r\u00e9guli\u00e8rement avec des cr\u00e8mes adapt\u00e9es.<\/p>\n<p>En esp\u00e9rant que ces conseils vous ont aid\u00e9s, je vous souhaite de passer un tr\u00e8s bon hiver et \u00e0 bient\u00f4t pour une nouvelle Newsletter \ud83d\ude42<\/p>\n","protected":false},"excerpt":{"rendered":"<p>Bonjour \u00e0 toutes ! Aujourd&rsquo;hui je vous d\u00e9voile des conseils et astuces pour que votre peau &lsquo;survivre&rsquo; au froid hivernal et qu&rsquo;elle reste en pleine forme ! 1- Hydratez vous le plus possible : tisane, eau plate, th\u00e9&#8230; 2- Faites une cure de Magn\u00e9sium et\/ou de Vitamines et mangez \u00e9quilibr\u00e9 : fruits, l\u00e9gumes, jus de &hellip; <\/p>\n","protected":false},"author":1,"featured_media":1784,"comment_status":"closed","ping_status":"closed","sticky":false,"template":"","format":"standard","meta":{"footnotes":""},"categories":[38,24],"tags":[29,12,31],"class_list":["post-1774","post","type-post","status-publish","format-standard","has-post-thumbnail","hentry","category-blog","category-conseils-beautes","tag-conseilsbeaute","tag-soinsadomicile","tag-soinsvisageadomicile"],"yoast_head":"<!-- This site is optimized with the Yoast SEO plugin v27.5 - https:\/\/yoast.com\/product\/yoast-seo-wordpress\/ -->\n<title>Se prot\u00e9ger du froid<\/title>\n<meta name=\"description\" content=\"Les conseils pour se prot\u00e9ger du froid en hiver !\" \/>\n<meta name=\"robots\" content=\"index, follow, max-snippet:-1, max-image-preview:large, max-video-preview:-1\" \/>\n<link rel=\"canonical\" href=\"https:\/\/www.carolesthetique-aix.fr\/index.php\/2019\/01\/29\/comment-vous-proteger-du-froid\/\" \/>\n<meta property=\"og:locale\" content=\"fr_FR\" \/>\n<meta property=\"og:type\" content=\"article\" \/>\n<meta property=\"og:title\" content=\"Se prot\u00e9ger du froid\" \/>\n<meta property=\"og:description\" content=\"Les conseils pour se prot\u00e9ger du froid en hiver !\" \/>\n<meta property=\"og:url\" content=\"https:\/\/www.carolesthetique-aix.fr\/index.php\/2019\/01\/29\/comment-vous-proteger-du-froid\/\" \/>\n<meta property=\"og:site_name\" content=\"Carol&#039;Esth\u00e9tique\" \/>\n<meta property=\"article:publisher\" content=\"https:\/\/www.facebook.com\/CarolEsth%c3%a9tique-515793245268554\/\" \/>\n<meta property=\"article:published_time\" content=\"2019-01-29T21:11:01+00:00\" \/>\n<meta property=\"article:modified_time\" content=\"2021-04-25T20:13:37+00:00\" \/>\n<meta property=\"og:image\" content=\"https:\/\/www.carolesthetique-aix.fr\/wp-content\/uploads\/2019\/01\/proteger_sa_peau_hiver.jpg\" \/>\n\t<meta property=\"og:image:width\" content=\"784\" \/>\n\t<meta property=\"og:image:height\" content=\"521\" \/>\n\t<meta property=\"og:image:type\" content=\"image\/jpeg\" \/>\n<meta name=\"author\" content=\"carol\" \/>\n<meta name=\"twitter:card\" content=\"summary_large_image\" \/>\n<meta name=\"twitter:label1\" content=\"\u00c9crit par\" \/>\n\t<meta name=\"twitter:data1\" content=\"carol\" \/>\n\t<meta name=\"twitter:label2\" content=\"Dur\u00e9e de lecture estim\u00e9e\" \/>\n\t<meta name=\"twitter:data2\" content=\"2 minutes\" \/>\n<script type=\"application\/ld+json\" class=\"yoast-schema-graph\">{\"@context\":\"https:\\\/\\\/schema.org\",\"@graph\":[{\"@type\":\"Article\",\"@id\":\"https:\\\/\\\/www.carolesthetique-aix.fr\\\/index.php\\\/2019\\\/01\\\/29\\\/comment-vous-proteger-du-froid\\\/#article\",\"isPartOf\":{\"@id\":\"https:\\\/\\\/www.carolesthetique-aix.fr\\\/index.php\\\/2019\\\/01\\\/29\\\/comment-vous-proteger-du-froid\\\/\"},\"author\":{\"name\":\"carol\",\"@id\":\"https:\\\/\\\/www.carolesthetique-aix.fr\\\/#\\\/schema\\\/person\\\/25bdfe73d389cb35869ede08fdd02981\"},\"headline\":\"Comment vous prot\u00e9ger du froid ?\",\"datePublished\":\"2019-01-29T21:11:01+00:00\",\"dateModified\":\"2021-04-25T20:13:37+00:00\",\"mainEntityOfPage\":{\"@id\":\"https:\\\/\\\/www.carolesthetique-aix.fr\\\/index.php\\\/2019\\\/01\\\/29\\\/comment-vous-proteger-du-froid\\\/\"},\"wordCount\":322,\"image\":{\"@id\":\"https:\\\/\\\/www.carolesthetique-aix.fr\\\/index.php\\\/2019\\\/01\\\/29\\\/comment-vous-proteger-du-froid\\\/#primaryimage\"},\"thumbnailUrl\":\"https:\\\/\\\/www.carolesthetique-aix.fr\\\/wp-content\\\/uploads\\\/2019\\\/01\\\/proteger_sa_peau_hiver.jpg\",\"keywords\":[\"#conseilsbeaut\u00e9\",\"#soins\u00e0domicile\",\"#soinsvisage\u00e0domicile\"],\"articleSection\":[\"Blog\",\"Conseils beaut\u00e9s\"],\"inLanguage\":\"fr-FR\"},{\"@type\":\"WebPage\",\"@id\":\"https:\\\/\\\/www.carolesthetique-aix.fr\\\/index.php\\\/2019\\\/01\\\/29\\\/comment-vous-proteger-du-froid\\\/\",\"url\":\"https:\\\/\\\/www.carolesthetique-aix.fr\\\/index.php\\\/2019\\\/01\\\/29\\\/comment-vous-proteger-du-froid\\\/\",\"name\":\"Se prot\u00e9ger du froid\",\"isPartOf\":{\"@id\":\"https:\\\/\\\/www.carolesthetique-aix.fr\\\/#website\"},\"primaryImageOfPage\":{\"@id\":\"https:\\\/\\\/www.carolesthetique-aix.fr\\\/index.php\\\/2019\\\/01\\\/29\\\/comment-vous-proteger-du-froid\\\/#primaryimage\"},\"image\":{\"@id\":\"https:\\\/\\\/www.carolesthetique-aix.fr\\\/index.php\\\/2019\\\/01\\\/29\\\/comment-vous-proteger-du-froid\\\/#primaryimage\"},\"thumbnailUrl\":\"https:\\\/\\\/www.carolesthetique-aix.fr\\\/wp-content\\\/uploads\\\/2019\\\/01\\\/proteger_sa_peau_hiver.jpg\",\"datePublished\":\"2019-01-29T21:11:01+00:00\",\"dateModified\":\"2021-04-25T20:13:37+00:00\",\"author\":{\"@id\":\"https:\\\/\\\/www.carolesthetique-aix.fr\\\/#\\\/schema\\\/person\\\/25bdfe73d389cb35869ede08fdd02981\"},\"description\":\"Les conseils pour se prot\u00e9ger du froid en hiver !\",\"breadcrumb\":{\"@id\":\"https:\\\/\\\/www.carolesthetique-aix.fr\\\/index.php\\\/2019\\\/01\\\/29\\\/comment-vous-proteger-du-froid\\\/#breadcrumb\"},\"inLanguage\":\"fr-FR\",\"potentialAction\":[{\"@type\":\"ReadAction\",\"target\":[\"https:\\\/\\\/www.carolesthetique-aix.fr\\\/index.php\\\/2019\\\/01\\\/29\\\/comment-vous-proteger-du-froid\\\/\"]}]},{\"@type\":\"ImageObject\",\"inLanguage\":\"fr-FR\",\"@id\":\"https:\\\/\\\/www.carolesthetique-aix.fr\\\/index.php\\\/2019\\\/01\\\/29\\\/comment-vous-proteger-du-froid\\\/#primaryimage\",\"url\":\"https:\\\/\\\/www.carolesthetique-aix.fr\\\/wp-content\\\/uploads\\\/2019\\\/01\\\/proteger_sa_peau_hiver.jpg\",\"contentUrl\":\"https:\\\/\\\/www.carolesthetique-aix.fr\\\/wp-content\\\/uploads\\\/2019\\\/01\\\/proteger_sa_peau_hiver.jpg\",\"width\":784,\"height\":521,\"caption\":\"Carol'Esth\u00e9tique - Prot\u00e9ger sa peau en hiver\"},{\"@type\":\"BreadcrumbList\",\"@id\":\"https:\\\/\\\/www.carolesthetique-aix.fr\\\/index.php\\\/2019\\\/01\\\/29\\\/comment-vous-proteger-du-froid\\\/#breadcrumb\",\"itemListElement\":[{\"@type\":\"ListItem\",\"position\":1,\"name\":\"Accueil\",\"item\":\"https:\\\/\\\/www.carolesthetique-aix.fr\\\/\"},{\"@type\":\"ListItem\",\"position\":2,\"name\":\"Comment vous prot\u00e9ger du froid ?\"}]},{\"@type\":\"WebSite\",\"@id\":\"https:\\\/\\\/www.carolesthetique-aix.fr\\\/#website\",\"url\":\"https:\\\/\\\/www.carolesthetique-aix.fr\\\/\",\"name\":\"Carol&#039;Esth\u00e9tique\",\"description\":\"Maquillages et \u00c9v\u00e8nements Beaut\u00e9 \u00e0 Domicile\",\"potentialAction\":[{\"@type\":\"SearchAction\",\"target\":{\"@type\":\"EntryPoint\",\"urlTemplate\":\"https:\\\/\\\/www.carolesthetique-aix.fr\\\/?s={search_term_string}\"},\"query-input\":{\"@type\":\"PropertyValueSpecification\",\"valueRequired\":true,\"valueName\":\"search_term_string\"}}],\"inLanguage\":\"fr-FR\"},{\"@type\":\"Person\",\"@id\":\"https:\\\/\\\/www.carolesthetique-aix.fr\\\/#\\\/schema\\\/person\\\/25bdfe73d389cb35869ede08fdd02981\",\"name\":\"carol\",\"image\":{\"@type\":\"ImageObject\",\"inLanguage\":\"fr-FR\",\"@id\":\"https:\\\/\\\/secure.gravatar.com\\\/avatar\\\/01d167d3b0b26086e4335ff35abcc8ccfc58bef7119c1a82feeeaadd33979c35?s=96&d=mm&r=g\",\"url\":\"https:\\\/\\\/secure.gravatar.com\\\/avatar\\\/01d167d3b0b26086e4335ff35abcc8ccfc58bef7119c1a82feeeaadd33979c35?s=96&d=mm&r=g\",\"contentUrl\":\"https:\\\/\\\/secure.gravatar.com\\\/avatar\\\/01d167d3b0b26086e4335ff35abcc8ccfc58bef7119c1a82feeeaadd33979c35?s=96&d=mm&r=g\",\"caption\":\"carol\"},\"sameAs\":[\"https:\\\/\\\/carolesthetique-aix.fr\"],\"url\":\"https:\\\/\\\/www.carolesthetique-aix.fr\\\/index.php\\\/author\\\/carol\\\/\"}]}<\/script>\n<!-- \/ Yoast SEO plugin. -->","yoast_head_json":{"title":"Se prot\u00e9ger du froid","description":"Les conseils pour se prot\u00e9ger du froid en hiver !","robots":{"index":"index","follow":"follow","max-snippet":"max-snippet:-1","max-image-preview":"max-image-preview:large","max-video-preview":"max-video-preview:-1"},"canonical":"https:\/\/www.carolesthetique-aix.fr\/index.php\/2019\/01\/29\/comment-vous-proteger-du-froid\/","og_locale":"fr_FR","og_type":"article","og_title":"Se prot\u00e9ger du froid","og_description":"Les conseils pour se prot\u00e9ger du froid en hiver !","og_url":"https:\/\/www.carolesthetique-aix.fr\/index.php\/2019\/01\/29\/comment-vous-proteger-du-froid\/","og_site_name":"Carol&#039;Esth\u00e9tique","article_publisher":"https:\/\/www.facebook.com\/CarolEsth%c3%a9tique-515793245268554\/","article_published_time":"2019-01-29T21:11:01+00:00","article_modified_time":"2021-04-25T20:13:37+00:00","og_image":[{"width":784,"height":521,"url":"https:\/\/www.carolesthetique-aix.fr\/wp-content\/uploads\/2019\/01\/proteger_sa_peau_hiver.jpg","type":"image\/jpeg"}],"author":"carol","twitter_card":"summary_large_image","twitter_misc":{"\u00c9crit par":"carol","Dur\u00e9e de lecture estim\u00e9e":"2 minutes"},"schema":{"@context":"https:\/\/schema.org","@graph":[{"@type":"Article","@id":"https:\/\/www.carolesthetique-aix.fr\/index.php\/2019\/01\/29\/comment-vous-proteger-du-froid\/#article","isPartOf":{"@id":"https:\/\/www.carolesthetique-aix.fr\/index.php\/2019\/01\/29\/comment-vous-proteger-du-froid\/"},"author":{"name":"carol","@id":"https:\/\/www.carolesthetique-aix.fr\/#\/schema\/person\/25bdfe73d389cb35869ede08fdd02981"},"headline":"Comment vous prot\u00e9ger du froid ?","datePublished":"2019-01-29T21:11:01+00:00","dateModified":"2021-04-25T20:13:37+00:00","mainEntityOfPage":{"@id":"https:\/\/www.carolesthetique-aix.fr\/index.php\/2019\/01\/29\/comment-vous-proteger-du-froid\/"},"wordCount":322,"image":{"@id":"https:\/\/www.carolesthetique-aix.fr\/index.php\/2019\/01\/29\/comment-vous-proteger-du-froid\/#primaryimage"},"thumbnailUrl":"https:\/\/www.carolesthetique-aix.fr\/wp-content\/uploads\/2019\/01\/proteger_sa_peau_hiver.jpg","keywords":["#conseilsbeaut\u00e9","#soins\u00e0domicile","#soinsvisage\u00e0domicile"],"articleSection":["Blog","Conseils beaut\u00e9s"],"inLanguage":"fr-FR"},{"@type":"WebPage","@id":"https:\/\/www.carolesthetique-aix.fr\/index.php\/2019\/01\/29\/comment-vous-proteger-du-froid\/","url":"https:\/\/www.carolesthetique-aix.fr\/index.php\/2019\/01\/29\/comment-vous-proteger-du-froid\/","name":"Se prot\u00e9ger du froid","isPartOf":{"@id":"https:\/\/www.carolesthetique-aix.fr\/#website"},"primaryImageOfPage":{"@id":"https:\/\/www.carolesthetique-aix.fr\/index.php\/2019\/01\/29\/comment-vous-proteger-du-froid\/#primaryimage"},"image":{"@id":"https:\/\/www.carolesthetique-aix.fr\/index.php\/2019\/01\/29\/comment-vous-proteger-du-froid\/#primaryimage"},"thumbnailUrl":"https:\/\/www.carolesthetique-aix.fr\/wp-content\/uploads\/2019\/01\/proteger_sa_peau_hiver.jpg","datePublished":"2019-01-29T21:11:01+00:00","dateModified":"2021-04-25T20:13:37+00:00","author":{"@id":"https:\/\/www.carolesthetique-aix.fr\/#\/schema\/person\/25bdfe73d389cb35869ede08fdd02981"},"description":"Les conseils pour se prot\u00e9ger du froid en hiver !","breadcrumb":{"@id":"https:\/\/www.carolesthetique-aix.fr\/index.php\/2019\/01\/29\/comment-vous-proteger-du-froid\/#breadcrumb"},"inLanguage":"fr-FR","potentialAction":[{"@type":"ReadAction","target":["https:\/\/www.carolesthetique-aix.fr\/index.php\/2019\/01\/29\/comment-vous-proteger-du-froid\/"]}]},{"@type":"ImageObject","inLanguage":"fr-FR","@id":"https:\/\/www.carolesthetique-aix.fr\/index.php\/2019\/01\/29\/comment-vous-proteger-du-froid\/#primaryimage","url":"https:\/\/www.carolesthetique-aix.fr\/wp-content\/uploads\/2019\/01\/proteger_sa_peau_hiver.jpg","contentUrl":"https:\/\/www.carolesthetique-aix.fr\/wp-content\/uploads\/2019\/01\/proteger_sa_peau_hiver.jpg","width":784,"height":521,"caption":"Carol'Esth\u00e9tique - Prot\u00e9ger sa peau en hiver"},{"@type":"BreadcrumbList","@id":"https:\/\/www.carolesthetique-aix.fr\/index.php\/2019\/01\/29\/comment-vous-proteger-du-froid\/#breadcrumb","itemListElement":[{"@type":"ListItem","position":1,"name":"Accueil","item":"https:\/\/www.carolesthetique-aix.fr\/"},{"@type":"ListItem","position":2,"name":"Comment vous prot\u00e9ger du froid ?"}]},{"@type":"WebSite","@id":"https:\/\/www.carolesthetique-aix.fr\/#website","url":"https:\/\/www.carolesthetique-aix.fr\/","name":"Carol&#039;Esth\u00e9tique","description":"Maquillages et \u00c9v\u00e8nements Beaut\u00e9 \u00e0 Domicile","potentialAction":[{"@type":"SearchAction","target":{"@type":"EntryPoint","urlTemplate":"https:\/\/www.carolesthetique-aix.fr\/?s={search_term_string}"},"query-input":{"@type":"PropertyValueSpecification","valueRequired":true,"valueName":"search_term_string"}}],"inLanguage":"fr-FR"},{"@type":"Person","@id":"https:\/\/www.carolesthetique-aix.fr\/#\/schema\/person\/25bdfe73d389cb35869ede08fdd02981","name":"carol","image":{"@type":"ImageObject","inLanguage":"fr-FR","@id":"https:\/\/secure.gravatar.com\/avatar\/01d167d3b0b26086e4335ff35abcc8ccfc58bef7119c1a82feeeaadd33979c35?s=96&d=mm&r=g","url":"https:\/\/secure.gravatar.com\/avatar\/01d167d3b0b26086e4335ff35abcc8ccfc58bef7119c1a82feeeaadd33979c35?s=96&d=mm&r=g","contentUrl":"https:\/\/secure.gravatar.com\/avatar\/01d167d3b0b26086e4335ff35abcc8ccfc58bef7119c1a82feeeaadd33979c35?s=96&d=mm&r=g","caption":"carol"},"sameAs":["https:\/\/carolesthetique-aix.fr"],"url":"https:\/\/www.carolesthetique-aix.fr\/index.php\/author\/carol\/"}]}},"_links":{"self":[{"href":"https:\/\/www.carolesthetique-aix.fr\/index.php\/wp-json\/wp\/v2\/posts\/1774","targetHints":{"allow":["GET"]}}],"collection":[{"href":"https:\/\/www.carolesthetique-aix.fr\/index.php\/wp-json\/wp\/v2\/posts"}],"about":[{"href":"https:\/\/www.carolesthetique-aix.fr\/index.php\/wp-json\/wp\/v2\/types\/post"}],"author":[{"embeddable":true,"href":"https:\/\/www.carolesthetique-aix.fr\/index.php\/wp-json\/wp\/v2\/users\/1"}],"replies":[{"embeddable":true,"href":"https:\/\/www.carolesthetique-aix.fr\/index.php\/wp-json\/wp\/v2\/comments?post=1774"}],"version-history":[{"count":12,"href":"https:\/\/www.carolesthetique-aix.fr\/index.php\/wp-json\/wp\/v2\/posts\/1774\/revisions"}],"predecessor-version":[{"id":2263,"href":"https:\/\/www.carolesthetique-aix.fr\/index.php\/wp-json\/wp\/v2\/posts\/1774\/revisions\/2263"}],"wp:featuredmedia":[{"embeddable":true,"href":"https:\/\/www.carolesthetique-aix.fr\/index.php\/wp-json\/wp\/v2\/media\/1784"}],"wp:attachment":[{"href":"https:\/\/www.carolesthetique-aix.fr\/index.php\/wp-json\/wp\/v2\/media?parent=1774"}],"wp:term":[{"taxonomy":"category","embeddable":true,"href":"https:\/\/www.carolesthetique-aix.fr\/index.php\/wp-json\/wp\/v2\/categories?post=1774"},{"taxonomy":"post_tag","embeddable":true,"href":"https:\/\/www.carolesthetique-aix.fr\/index.php\/wp-json\/wp\/v2\/tags?post=1774"}],"curies":[{"name":"wp","href":"https:\/\/api.w.org\/{rel}","templated":true}]}}