{"id":1295,"date":"2017-12-09T17:57:19","date_gmt":"2017-12-09T16:57:19","guid":{"rendered":"http:\/\/carolesthetique-aix.fr\/?p=1295"},"modified":"2021-04-25T22:32:37","modified_gmt":"2021-04-25T20:32:37","slug":"telethon-2017-a-saint-cannat","status":"publish","type":"post","link":"https:\/\/www.carolesthetique-aix.fr\/index.php\/2017\/12\/09\/telethon-2017-a-saint-cannat\/","title":{"rendered":"T\u00e9l\u00e9thon 2017 \u00e0 Saint Cannat"},"content":{"rendered":"<p style=\"text-align: left;\">Apr\u00e8s midi maquillages \u00e0 l&rsquo;occasion du t\u00e9l\u00e9thon \u00e0 Saint Cannat \ud83d\ude42<\/p>\n<p style=\"text-align: left;\"><img loading=\"lazy\" decoding=\"async\" class=\"size-medium wp-image-1298 aligncenter\" src=\"http:\/\/carolesthetique-aix.fr\/wp-content\/uploads\/2017\/12\/20171209_maquillagest\u00e9l\u00e9thon-300x300.jpg\" alt=\"Maquillages - Carol'Esth\u00e9tique\" width=\"300\" height=\"300\" srcset=\"https:\/\/www.carolesthetique-aix.fr\/wp-content\/uploads\/2017\/12\/20171209_maquillagest\u00e9l\u00e9thon-300x300.jpg 300w, https:\/\/www.carolesthetique-aix.fr\/wp-content\/uploads\/2017\/12\/20171209_maquillagest\u00e9l\u00e9thon-150x150.jpg 150w, https:\/\/www.carolesthetique-aix.fr\/wp-content\/uploads\/2017\/12\/20171209_maquillagest\u00e9l\u00e9thon-768x768.jpg 768w, https:\/\/www.carolesthetique-aix.fr\/wp-content\/uploads\/2017\/12\/20171209_maquillagest\u00e9l\u00e9thon-230x230.jpg 230w, https:\/\/www.carolesthetique-aix.fr\/wp-content\/uploads\/2017\/12\/20171209_maquillagest\u00e9l\u00e9thon-330x330.jpg 330w, https:\/\/www.carolesthetique-aix.fr\/wp-content\/uploads\/2017\/12\/20171209_maquillagest\u00e9l\u00e9thon.jpg 800w\" sizes=\"auto, (max-width: 300px) 100vw, 300px\" \/>N&rsquo;oubliez pas de faire vos dons au 3637<\/p>\n","protected":false},"excerpt":{"rendered":"<p>Apr\u00e8s midi maquillages \u00e0 l&rsquo;occasion du t\u00e9l\u00e9thon \u00e0 Saint Cannat \ud83d\ude42 N&rsquo;oubliez pas de faire vos dons au 3637<\/p>\n","protected":false},"author":1,"featured_media":1297,"comment_status":"closed","ping_status":"closed","sticky":false,"template":"","format":"standard","meta":{"footnotes":""},"categories":[38,1],"tags":[19,26],"class_list":["post-1295","post","type-post","status-publish","format-standard","has-post-thumbnail","hentry","category-blog","category-non-classe","tag-maquillage","tag-telethon"],"yoast_head":"<!-- This site is optimized with the Yoast SEO plugin v27.5 - https:\/\/yoast.com\/product\/yoast-seo-wordpress\/ -->\n<title>T\u00e9l\u00e9thon 2017 \u00e0 Saint Cannat - Carol&#039;Esth\u00e9tique<\/title>\n<meta name=\"description\" content=\"Maquillage pour le T\u00e9l\u00e9thon 2017 \u00e0 Saint Cannat !\" \/>\n<meta name=\"robots\" content=\"index, follow, max-snippet:-1, max-image-preview:large, max-video-preview:-1\" \/>\n<link rel=\"canonical\" href=\"https:\/\/www.carolesthetique-aix.fr\/index.php\/2017\/12\/09\/telethon-2017-a-saint-cannat\/\" \/>\n<meta property=\"og:locale\" content=\"fr_FR\" \/>\n<meta property=\"og:type\" content=\"article\" \/>\n<meta property=\"og:title\" content=\"T\u00e9l\u00e9thon 2017 \u00e0 Saint Cannat - Carol&#039;Esth\u00e9tique\" \/>\n<meta property=\"og:description\" content=\"Maquillage pour le T\u00e9l\u00e9thon 2017 \u00e0 Saint Cannat !\" \/>\n<meta property=\"og:url\" content=\"https:\/\/www.carolesthetique-aix.fr\/index.php\/2017\/12\/09\/telethon-2017-a-saint-cannat\/\" \/>\n<meta property=\"og:site_name\" content=\"Carol&#039;Esth\u00e9tique\" \/>\n<meta property=\"article:publisher\" content=\"https:\/\/www.facebook.com\/CarolEsth%c3%a9tique-515793245268554\/\" \/>\n<meta property=\"article:published_time\" content=\"2017-12-09T16:57:19+00:00\" \/>\n<meta property=\"article:modified_time\" content=\"2021-04-25T20:32:37+00:00\" \/>\n<meta property=\"og:image\" content=\"https:\/\/www.carolesthetique-aix.fr\/wp-content\/uploads\/2017\/12\/20171209_telethon2017.jpg\" \/>\n\t<meta property=\"og:image:width\" content=\"768\" \/>\n\t<meta property=\"og:image:height\" content=\"768\" \/>\n\t<meta property=\"og:image:type\" content=\"image\/jpeg\" \/>\n<meta name=\"author\" content=\"carol\" \/>\n<meta name=\"twitter:card\" content=\"summary_large_image\" \/>\n<meta name=\"twitter:label1\" content=\"\u00c9crit par\" \/>\n\t<meta name=\"twitter:data1\" content=\"carol\" \/>\n\t<meta name=\"twitter:label2\" content=\"Dur\u00e9e de lecture estim\u00e9e\" \/>\n\t<meta name=\"twitter:data2\" content=\"1 minute\" \/>\n<script type=\"application\/ld+json\" class=\"yoast-schema-graph\">{\"@context\":\"https:\\\/\\\/schema.org\",\"@graph\":[{\"@type\":\"Article\",\"@id\":\"https:\\\/\\\/www.carolesthetique-aix.fr\\\/index.php\\\/2017\\\/12\\\/09\\\/telethon-2017-a-saint-cannat\\\/#article\",\"isPartOf\":{\"@id\":\"https:\\\/\\\/www.carolesthetique-aix.fr\\\/index.php\\\/2017\\\/12\\\/09\\\/telethon-2017-a-saint-cannat\\\/\"},\"author\":{\"name\":\"carol\",\"@id\":\"https:\\\/\\\/www.carolesthetique-aix.fr\\\/#\\\/schema\\\/person\\\/25bdfe73d389cb35869ede08fdd02981\"},\"headline\":\"T\u00e9l\u00e9thon 2017 \u00e0 Saint Cannat\",\"datePublished\":\"2017-12-09T16:57:19+00:00\",\"dateModified\":\"2021-04-25T20:32:37+00:00\",\"mainEntityOfPage\":{\"@id\":\"https:\\\/\\\/www.carolesthetique-aix.fr\\\/index.php\\\/2017\\\/12\\\/09\\\/telethon-2017-a-saint-cannat\\\/\"},\"wordCount\":25,\"image\":{\"@id\":\"https:\\\/\\\/www.carolesthetique-aix.fr\\\/index.php\\\/2017\\\/12\\\/09\\\/telethon-2017-a-saint-cannat\\\/#primaryimage\"},\"thumbnailUrl\":\"https:\\\/\\\/www.carolesthetique-aix.fr\\\/wp-content\\\/uploads\\\/2017\\\/12\\\/20171209_telethon2017.jpg\",\"keywords\":[\"#maquillage\",\"#t\u00e9l\u00e9thon\"],\"articleSection\":[\"Blog\"],\"inLanguage\":\"fr-FR\"},{\"@type\":\"WebPage\",\"@id\":\"https:\\\/\\\/www.carolesthetique-aix.fr\\\/index.php\\\/2017\\\/12\\\/09\\\/telethon-2017-a-saint-cannat\\\/\",\"url\":\"https:\\\/\\\/www.carolesthetique-aix.fr\\\/index.php\\\/2017\\\/12\\\/09\\\/telethon-2017-a-saint-cannat\\\/\",\"name\":\"T\u00e9l\u00e9thon 2017 \u00e0 Saint Cannat - Carol&#039;Esth\u00e9tique\",\"isPartOf\":{\"@id\":\"https:\\\/\\\/www.carolesthetique-aix.fr\\\/#website\"},\"primaryImageOfPage\":{\"@id\":\"https:\\\/\\\/www.carolesthetique-aix.fr\\\/index.php\\\/2017\\\/12\\\/09\\\/telethon-2017-a-saint-cannat\\\/#primaryimage\"},\"image\":{\"@id\":\"https:\\\/\\\/www.carolesthetique-aix.fr\\\/index.php\\\/2017\\\/12\\\/09\\\/telethon-2017-a-saint-cannat\\\/#primaryimage\"},\"thumbnailUrl\":\"https:\\\/\\\/www.carolesthetique-aix.fr\\\/wp-content\\\/uploads\\\/2017\\\/12\\\/20171209_telethon2017.jpg\",\"datePublished\":\"2017-12-09T16:57:19+00:00\",\"dateModified\":\"2021-04-25T20:32:37+00:00\",\"author\":{\"@id\":\"https:\\\/\\\/www.carolesthetique-aix.fr\\\/#\\\/schema\\\/person\\\/25bdfe73d389cb35869ede08fdd02981\"},\"description\":\"Maquillage pour le T\u00e9l\u00e9thon 2017 \u00e0 Saint Cannat !\",\"breadcrumb\":{\"@id\":\"https:\\\/\\\/www.carolesthetique-aix.fr\\\/index.php\\\/2017\\\/12\\\/09\\\/telethon-2017-a-saint-cannat\\\/#breadcrumb\"},\"inLanguage\":\"fr-FR\",\"potentialAction\":[{\"@type\":\"ReadAction\",\"target\":[\"https:\\\/\\\/www.carolesthetique-aix.fr\\\/index.php\\\/2017\\\/12\\\/09\\\/telethon-2017-a-saint-cannat\\\/\"]}]},{\"@type\":\"ImageObject\",\"inLanguage\":\"fr-FR\",\"@id\":\"https:\\\/\\\/www.carolesthetique-aix.fr\\\/index.php\\\/2017\\\/12\\\/09\\\/telethon-2017-a-saint-cannat\\\/#primaryimage\",\"url\":\"https:\\\/\\\/www.carolesthetique-aix.fr\\\/wp-content\\\/uploads\\\/2017\\\/12\\\/20171209_telethon2017.jpg\",\"contentUrl\":\"https:\\\/\\\/www.carolesthetique-aix.fr\\\/wp-content\\\/uploads\\\/2017\\\/12\\\/20171209_telethon2017.jpg\",\"width\":768,\"height\":768,\"caption\":\"t\u00e9l\u00e9thon 2017 - Carol'Esth\u00e9tique\"},{\"@type\":\"BreadcrumbList\",\"@id\":\"https:\\\/\\\/www.carolesthetique-aix.fr\\\/index.php\\\/2017\\\/12\\\/09\\\/telethon-2017-a-saint-cannat\\\/#breadcrumb\",\"itemListElement\":[{\"@type\":\"ListItem\",\"position\":1,\"name\":\"Accueil\",\"item\":\"https:\\\/\\\/www.carolesthetique-aix.fr\\\/\"},{\"@type\":\"ListItem\",\"position\":2,\"name\":\"T\u00e9l\u00e9thon 2017 \u00e0 Saint Cannat\"}]},{\"@type\":\"WebSite\",\"@id\":\"https:\\\/\\\/www.carolesthetique-aix.fr\\\/#website\",\"url\":\"https:\\\/\\\/www.carolesthetique-aix.fr\\\/\",\"name\":\"Carol&#039;Esth\u00e9tique\",\"description\":\"Maquillages et \u00c9v\u00e8nements Beaut\u00e9 \u00e0 Domicile\",\"potentialAction\":[{\"@type\":\"SearchAction\",\"target\":{\"@type\":\"EntryPoint\",\"urlTemplate\":\"https:\\\/\\\/www.carolesthetique-aix.fr\\\/?s={search_term_string}\"},\"query-input\":{\"@type\":\"PropertyValueSpecification\",\"valueRequired\":true,\"valueName\":\"search_term_string\"}}],\"inLanguage\":\"fr-FR\"},{\"@type\":\"Person\",\"@id\":\"https:\\\/\\\/www.carolesthetique-aix.fr\\\/#\\\/schema\\\/person\\\/25bdfe73d389cb35869ede08fdd02981\",\"name\":\"carol\",\"image\":{\"@type\":\"ImageObject\",\"inLanguage\":\"fr-FR\",\"@id\":\"https:\\\/\\\/secure.gravatar.com\\\/avatar\\\/01d167d3b0b26086e4335ff35abcc8ccfc58bef7119c1a82feeeaadd33979c35?s=96&d=mm&r=g\",\"url\":\"https:\\\/\\\/secure.gravatar.com\\\/avatar\\\/01d167d3b0b26086e4335ff35abcc8ccfc58bef7119c1a82feeeaadd33979c35?s=96&d=mm&r=g\",\"contentUrl\":\"https:\\\/\\\/secure.gravatar.com\\\/avatar\\\/01d167d3b0b26086e4335ff35abcc8ccfc58bef7119c1a82feeeaadd33979c35?s=96&d=mm&r=g\",\"caption\":\"carol\"},\"sameAs\":[\"https:\\\/\\\/carolesthetique-aix.fr\"],\"url\":\"https:\\\/\\\/www.carolesthetique-aix.fr\\\/index.php\\\/author\\\/carol\\\/\"}]}<\/script>\n<!-- \/ Yoast SEO plugin. -->","yoast_head_json":{"title":"T\u00e9l\u00e9thon 2017 \u00e0 Saint Cannat - Carol&#039;Esth\u00e9tique","description":"Maquillage pour le T\u00e9l\u00e9thon 2017 \u00e0 Saint Cannat !","robots":{"index":"index","follow":"follow","max-snippet":"max-snippet:-1","max-image-preview":"max-image-preview:large","max-video-preview":"max-video-preview:-1"},"canonical":"https:\/\/www.carolesthetique-aix.fr\/index.php\/2017\/12\/09\/telethon-2017-a-saint-cannat\/","og_locale":"fr_FR","og_type":"article","og_title":"T\u00e9l\u00e9thon 2017 \u00e0 Saint Cannat - Carol&#039;Esth\u00e9tique","og_description":"Maquillage pour le T\u00e9l\u00e9thon 2017 \u00e0 Saint Cannat !","og_url":"https:\/\/www.carolesthetique-aix.fr\/index.php\/2017\/12\/09\/telethon-2017-a-saint-cannat\/","og_site_name":"Carol&#039;Esth\u00e9tique","article_publisher":"https:\/\/www.facebook.com\/CarolEsth%c3%a9tique-515793245268554\/","article_published_time":"2017-12-09T16:57:19+00:00","article_modified_time":"2021-04-25T20:32:37+00:00","og_image":[{"width":768,"height":768,"url":"https:\/\/www.carolesthetique-aix.fr\/wp-content\/uploads\/2017\/12\/20171209_telethon2017.jpg","type":"image\/jpeg"}],"author":"carol","twitter_card":"summary_large_image","twitter_misc":{"\u00c9crit par":"carol","Dur\u00e9e de lecture estim\u00e9e":"1 minute"},"schema":{"@context":"https:\/\/schema.org","@graph":[{"@type":"Article","@id":"https:\/\/www.carolesthetique-aix.fr\/index.php\/2017\/12\/09\/telethon-2017-a-saint-cannat\/#article","isPartOf":{"@id":"https:\/\/www.carolesthetique-aix.fr\/index.php\/2017\/12\/09\/telethon-2017-a-saint-cannat\/"},"author":{"name":"carol","@id":"https:\/\/www.carolesthetique-aix.fr\/#\/schema\/person\/25bdfe73d389cb35869ede08fdd02981"},"headline":"T\u00e9l\u00e9thon 2017 \u00e0 Saint Cannat","datePublished":"2017-12-09T16:57:19+00:00","dateModified":"2021-04-25T20:32:37+00:00","mainEntityOfPage":{"@id":"https:\/\/www.carolesthetique-aix.fr\/index.php\/2017\/12\/09\/telethon-2017-a-saint-cannat\/"},"wordCount":25,"image":{"@id":"https:\/\/www.carolesthetique-aix.fr\/index.php\/2017\/12\/09\/telethon-2017-a-saint-cannat\/#primaryimage"},"thumbnailUrl":"https:\/\/www.carolesthetique-aix.fr\/wp-content\/uploads\/2017\/12\/20171209_telethon2017.jpg","keywords":["#maquillage","#t\u00e9l\u00e9thon"],"articleSection":["Blog"],"inLanguage":"fr-FR"},{"@type":"WebPage","@id":"https:\/\/www.carolesthetique-aix.fr\/index.php\/2017\/12\/09\/telethon-2017-a-saint-cannat\/","url":"https:\/\/www.carolesthetique-aix.fr\/index.php\/2017\/12\/09\/telethon-2017-a-saint-cannat\/","name":"T\u00e9l\u00e9thon 2017 \u00e0 Saint Cannat - Carol&#039;Esth\u00e9tique","isPartOf":{"@id":"https:\/\/www.carolesthetique-aix.fr\/#website"},"primaryImageOfPage":{"@id":"https:\/\/www.carolesthetique-aix.fr\/index.php\/2017\/12\/09\/telethon-2017-a-saint-cannat\/#primaryimage"},"image":{"@id":"https:\/\/www.carolesthetique-aix.fr\/index.php\/2017\/12\/09\/telethon-2017-a-saint-cannat\/#primaryimage"},"thumbnailUrl":"https:\/\/www.carolesthetique-aix.fr\/wp-content\/uploads\/2017\/12\/20171209_telethon2017.jpg","datePublished":"2017-12-09T16:57:19+00:00","dateModified":"2021-04-25T20:32:37+00:00","author":{"@id":"https:\/\/www.carolesthetique-aix.fr\/#\/schema\/person\/25bdfe73d389cb35869ede08fdd02981"},"description":"Maquillage pour le T\u00e9l\u00e9thon 2017 \u00e0 Saint Cannat !","breadcrumb":{"@id":"https:\/\/www.carolesthetique-aix.fr\/index.php\/2017\/12\/09\/telethon-2017-a-saint-cannat\/#breadcrumb"},"inLanguage":"fr-FR","potentialAction":[{"@type":"ReadAction","target":["https:\/\/www.carolesthetique-aix.fr\/index.php\/2017\/12\/09\/telethon-2017-a-saint-cannat\/"]}]},{"@type":"ImageObject","inLanguage":"fr-FR","@id":"https:\/\/www.carolesthetique-aix.fr\/index.php\/2017\/12\/09\/telethon-2017-a-saint-cannat\/#primaryimage","url":"https:\/\/www.carolesthetique-aix.fr\/wp-content\/uploads\/2017\/12\/20171209_telethon2017.jpg","contentUrl":"https:\/\/www.carolesthetique-aix.fr\/wp-content\/uploads\/2017\/12\/20171209_telethon2017.jpg","width":768,"height":768,"caption":"t\u00e9l\u00e9thon 2017 - Carol'Esth\u00e9tique"},{"@type":"BreadcrumbList","@id":"https:\/\/www.carolesthetique-aix.fr\/index.php\/2017\/12\/09\/telethon-2017-a-saint-cannat\/#breadcrumb","itemListElement":[{"@type":"ListItem","position":1,"name":"Accueil","item":"https:\/\/www.carolesthetique-aix.fr\/"},{"@type":"ListItem","position":2,"name":"T\u00e9l\u00e9thon 2017 \u00e0 Saint Cannat"}]},{"@type":"WebSite","@id":"https:\/\/www.carolesthetique-aix.fr\/#website","url":"https:\/\/www.carolesthetique-aix.fr\/","name":"Carol&#039;Esth\u00e9tique","description":"Maquillages et \u00c9v\u00e8nements Beaut\u00e9 \u00e0 Domicile","potentialAction":[{"@type":"SearchAction","target":{"@type":"EntryPoint","urlTemplate":"https:\/\/www.carolesthetique-aix.fr\/?s={search_term_string}"},"query-input":{"@type":"PropertyValueSpecification","valueRequired":true,"valueName":"search_term_string"}}],"inLanguage":"fr-FR"},{"@type":"Person","@id":"https:\/\/www.carolesthetique-aix.fr\/#\/schema\/person\/25bdfe73d389cb35869ede08fdd02981","name":"carol","image":{"@type":"ImageObject","inLanguage":"fr-FR","@id":"https:\/\/secure.gravatar.com\/avatar\/01d167d3b0b26086e4335ff35abcc8ccfc58bef7119c1a82feeeaadd33979c35?s=96&d=mm&r=g","url":"https:\/\/secure.gravatar.com\/avatar\/01d167d3b0b26086e4335ff35abcc8ccfc58bef7119c1a82feeeaadd33979c35?s=96&d=mm&r=g","contentUrl":"https:\/\/secure.gravatar.com\/avatar\/01d167d3b0b26086e4335ff35abcc8ccfc58bef7119c1a82feeeaadd33979c35?s=96&d=mm&r=g","caption":"carol"},"sameAs":["https:\/\/carolesthetique-aix.fr"],"url":"https:\/\/www.carolesthetique-aix.fr\/index.php\/author\/carol\/"}]}},"_links":{"self":[{"href":"https:\/\/www.carolesthetique-aix.fr\/index.php\/wp-json\/wp\/v2\/posts\/1295","targetHints":{"allow":["GET"]}}],"collection":[{"href":"https:\/\/www.carolesthetique-aix.fr\/index.php\/wp-json\/wp\/v2\/posts"}],"about":[{"href":"https:\/\/www.carolesthetique-aix.fr\/index.php\/wp-json\/wp\/v2\/types\/post"}],"author":[{"embeddable":true,"href":"https:\/\/www.carolesthetique-aix.fr\/index.php\/wp-json\/wp\/v2\/users\/1"}],"replies":[{"embeddable":true,"href":"https:\/\/www.carolesthetique-aix.fr\/index.php\/wp-json\/wp\/v2\/comments?post=1295"}],"version-history":[{"count":27,"href":"https:\/\/www.carolesthetique-aix.fr\/index.php\/wp-json\/wp\/v2\/posts\/1295\/revisions"}],"predecessor-version":[{"id":2271,"href":"https:\/\/www.carolesthetique-aix.fr\/index.php\/wp-json\/wp\/v2\/posts\/1295\/revisions\/2271"}],"wp:featuredmedia":[{"embeddable":true,"href":"https:\/\/www.carolesthetique-aix.fr\/index.php\/wp-json\/wp\/v2\/media\/1297"}],"wp:attachment":[{"href":"https:\/\/www.carolesthetique-aix.fr\/index.php\/wp-json\/wp\/v2\/media?parent=1295"}],"wp:term":[{"taxonomy":"category","embeddable":true,"href":"https:\/\/www.carolesthetique-aix.fr\/index.php\/wp-json\/wp\/v2\/categories?post=1295"},{"taxonomy":"post_tag","embeddable":true,"href":"https:\/\/www.carolesthetique-aix.fr\/index.php\/wp-json\/wp\/v2\/tags?post=1295"}],"curies":[{"name":"wp","href":"https:\/\/api.w.org\/{rel}","templated":true}]}}