{"id":1084,"date":"2017-08-10T20:45:44","date_gmt":"2017-08-10T19:45:44","guid":{"rendered":"http:\/\/carolesthetique-aix.fr\/?p=1084"},"modified":"2021-04-25T22:41:06","modified_gmt":"2021-04-25T20:41:06","slug":"20170810-soins-famille","status":"publish","type":"post","link":"https:\/\/www.carolesthetique-aix.fr\/index.php\/2017\/08\/10\/20170810-soins-famille\/","title":{"rendered":"Soins en famille"},"content":{"rendered":"<p>Aujourd&rsquo;hui, direction Saint-Cannat dans une maison de vacances pour un instant de soins en famille.<br \/>\nAu menu, s\u00e9ance manucure et p\u00e9dicure pour les adultes, et pose de vernis pour les enfants \ud83d\ude42<\/p>\n<p>Ambiance d\u00e9tente et farniente garantie !<\/p>\n<p>Vous aussi, n&rsquo;h\u00e9sitez pas \u00e0 me contacter au 07 82 70 75 11 pour passer un agr\u00e9able moment en famille.<\/p>\n","protected":false},"excerpt":{"rendered":"<p>Aujourd&rsquo;hui, direction Saint-Cannat dans une maison de vacances pour un instant de soins en famille. Au menu, s\u00e9ance manucure et p\u00e9dicure pour les adultes, et pose de vernis pour les enfants \ud83d\ude42 Ambiance d\u00e9tente et farniente garantie ! Vous aussi, n&rsquo;h\u00e9sitez pas \u00e0 me contacter au 07 82 70 75 11 pour passer un agr\u00e9able &hellip; <\/p>\n","protected":false},"author":1,"featured_media":1087,"comment_status":"closed","ping_status":"closed","sticky":false,"template":"","format":"standard","meta":{"footnotes":""},"categories":[38,4],"tags":[16,8,6,15],"class_list":["post-1084","post","type-post","status-publish","format-standard","has-post-thumbnail","hentry","category-blog","category-soins","tag-beautedesmainsadomicileaix","tag-ongles","tag-soins","tag-soinsenfamille"],"yoast_head":"<!-- This site is optimized with the Yoast SEO plugin v27.5 - https:\/\/yoast.com\/product\/yoast-seo-wordpress\/ -->\n<title>Soins en famille<\/title>\n<meta name=\"description\" content=\"Aujourd&#039;hui, direction Saint-Cannat dans une maison de vacances pour un instant de soins en famille. Au menu, s\u00e9ance manucure et p\u00e9dicure pour les adultes, et pose de vernis pour les enfants :-)\" \/>\n<meta name=\"robots\" content=\"index, follow, max-snippet:-1, max-image-preview:large, max-video-preview:-1\" \/>\n<link rel=\"canonical\" href=\"https:\/\/www.carolesthetique-aix.fr\/index.php\/2017\/08\/10\/20170810-soins-famille\/\" \/>\n<meta property=\"og:locale\" content=\"fr_FR\" \/>\n<meta property=\"og:type\" content=\"article\" \/>\n<meta property=\"og:title\" content=\"Soins en famille\" \/>\n<meta property=\"og:description\" content=\"Aujourd&#039;hui, direction Saint-Cannat dans une maison de vacances pour un instant de soins en famille. Au menu, s\u00e9ance manucure et p\u00e9dicure pour les adultes, et pose de vernis pour les enfants :-)\" \/>\n<meta property=\"og:url\" content=\"https:\/\/www.carolesthetique-aix.fr\/index.php\/2017\/08\/10\/20170810-soins-famille\/\" \/>\n<meta property=\"og:site_name\" content=\"Carol&#039;Esth\u00e9tique\" \/>\n<meta property=\"article:publisher\" content=\"https:\/\/www.facebook.com\/CarolEsth%c3%a9tique-515793245268554\/\" \/>\n<meta property=\"article:published_time\" content=\"2017-08-10T19:45:44+00:00\" \/>\n<meta property=\"article:modified_time\" content=\"2021-04-25T20:41:06+00:00\" \/>\n<meta property=\"og:image\" content=\"https:\/\/www.carolesthetique-aix.fr\/wp-content\/uploads\/2017\/08\/20170810_Soins_Famille.jpg\" \/>\n\t<meta property=\"og:image:width\" content=\"800\" \/>\n\t<meta property=\"og:image:height\" content=\"450\" \/>\n\t<meta property=\"og:image:type\" content=\"image\/jpeg\" \/>\n<meta name=\"author\" content=\"carol\" \/>\n<meta name=\"twitter:card\" content=\"summary_large_image\" \/>\n<meta name=\"twitter:label1\" content=\"\u00c9crit par\" \/>\n\t<meta name=\"twitter:data1\" content=\"carol\" \/>\n\t<meta name=\"twitter:label2\" content=\"Dur\u00e9e de lecture estim\u00e9e\" \/>\n\t<meta name=\"twitter:data2\" content=\"1 minute\" \/>\n<script type=\"application\/ld+json\" class=\"yoast-schema-graph\">{\"@context\":\"https:\\\/\\\/schema.org\",\"@graph\":[{\"@type\":\"Article\",\"@id\":\"https:\\\/\\\/www.carolesthetique-aix.fr\\\/index.php\\\/2017\\\/08\\\/10\\\/20170810-soins-famille\\\/#article\",\"isPartOf\":{\"@id\":\"https:\\\/\\\/www.carolesthetique-aix.fr\\\/index.php\\\/2017\\\/08\\\/10\\\/20170810-soins-famille\\\/\"},\"author\":{\"name\":\"carol\",\"@id\":\"https:\\\/\\\/www.carolesthetique-aix.fr\\\/#\\\/schema\\\/person\\\/25bdfe73d389cb35869ede08fdd02981\"},\"headline\":\"Soins en famille\",\"datePublished\":\"2017-08-10T19:45:44+00:00\",\"dateModified\":\"2021-04-25T20:41:06+00:00\",\"mainEntityOfPage\":{\"@id\":\"https:\\\/\\\/www.carolesthetique-aix.fr\\\/index.php\\\/2017\\\/08\\\/10\\\/20170810-soins-famille\\\/\"},\"wordCount\":61,\"image\":{\"@id\":\"https:\\\/\\\/www.carolesthetique-aix.fr\\\/index.php\\\/2017\\\/08\\\/10\\\/20170810-soins-famille\\\/#primaryimage\"},\"thumbnailUrl\":\"https:\\\/\\\/www.carolesthetique-aix.fr\\\/wp-content\\\/uploads\\\/2017\\\/08\\\/20170810_Soins_Famille.jpg\",\"keywords\":[\"#beaut\u00e9desmains\u00e0domicileaix\",\"#ongles\",\"#soins\",\"#soinsenfamille\"],\"articleSection\":[\"Blog\",\"Soins\"],\"inLanguage\":\"fr-FR\"},{\"@type\":\"WebPage\",\"@id\":\"https:\\\/\\\/www.carolesthetique-aix.fr\\\/index.php\\\/2017\\\/08\\\/10\\\/20170810-soins-famille\\\/\",\"url\":\"https:\\\/\\\/www.carolesthetique-aix.fr\\\/index.php\\\/2017\\\/08\\\/10\\\/20170810-soins-famille\\\/\",\"name\":\"Soins en famille\",\"isPartOf\":{\"@id\":\"https:\\\/\\\/www.carolesthetique-aix.fr\\\/#website\"},\"primaryImageOfPage\":{\"@id\":\"https:\\\/\\\/www.carolesthetique-aix.fr\\\/index.php\\\/2017\\\/08\\\/10\\\/20170810-soins-famille\\\/#primaryimage\"},\"image\":{\"@id\":\"https:\\\/\\\/www.carolesthetique-aix.fr\\\/index.php\\\/2017\\\/08\\\/10\\\/20170810-soins-famille\\\/#primaryimage\"},\"thumbnailUrl\":\"https:\\\/\\\/www.carolesthetique-aix.fr\\\/wp-content\\\/uploads\\\/2017\\\/08\\\/20170810_Soins_Famille.jpg\",\"datePublished\":\"2017-08-10T19:45:44+00:00\",\"dateModified\":\"2021-04-25T20:41:06+00:00\",\"author\":{\"@id\":\"https:\\\/\\\/www.carolesthetique-aix.fr\\\/#\\\/schema\\\/person\\\/25bdfe73d389cb35869ede08fdd02981\"},\"description\":\"Aujourd'hui, direction Saint-Cannat dans une maison de vacances pour un instant de soins en famille. Au menu, s\u00e9ance manucure et p\u00e9dicure pour les adultes, et pose de vernis pour les enfants :-)\",\"breadcrumb\":{\"@id\":\"https:\\\/\\\/www.carolesthetique-aix.fr\\\/index.php\\\/2017\\\/08\\\/10\\\/20170810-soins-famille\\\/#breadcrumb\"},\"inLanguage\":\"fr-FR\",\"potentialAction\":[{\"@type\":\"ReadAction\",\"target\":[\"https:\\\/\\\/www.carolesthetique-aix.fr\\\/index.php\\\/2017\\\/08\\\/10\\\/20170810-soins-famille\\\/\"]}]},{\"@type\":\"ImageObject\",\"inLanguage\":\"fr-FR\",\"@id\":\"https:\\\/\\\/www.carolesthetique-aix.fr\\\/index.php\\\/2017\\\/08\\\/10\\\/20170810-soins-famille\\\/#primaryimage\",\"url\":\"https:\\\/\\\/www.carolesthetique-aix.fr\\\/wp-content\\\/uploads\\\/2017\\\/08\\\/20170810_Soins_Famille.jpg\",\"contentUrl\":\"https:\\\/\\\/www.carolesthetique-aix.fr\\\/wp-content\\\/uploads\\\/2017\\\/08\\\/20170810_Soins_Famille.jpg\",\"width\":800,\"height\":450,\"caption\":\"Soins famille\"},{\"@type\":\"BreadcrumbList\",\"@id\":\"https:\\\/\\\/www.carolesthetique-aix.fr\\\/index.php\\\/2017\\\/08\\\/10\\\/20170810-soins-famille\\\/#breadcrumb\",\"itemListElement\":[{\"@type\":\"ListItem\",\"position\":1,\"name\":\"Accueil\",\"item\":\"https:\\\/\\\/www.carolesthetique-aix.fr\\\/\"},{\"@type\":\"ListItem\",\"position\":2,\"name\":\"Soins en famille\"}]},{\"@type\":\"WebSite\",\"@id\":\"https:\\\/\\\/www.carolesthetique-aix.fr\\\/#website\",\"url\":\"https:\\\/\\\/www.carolesthetique-aix.fr\\\/\",\"name\":\"Carol&#039;Esth\u00e9tique\",\"description\":\"Maquillages et \u00c9v\u00e8nements Beaut\u00e9 \u00e0 Domicile\",\"potentialAction\":[{\"@type\":\"SearchAction\",\"target\":{\"@type\":\"EntryPoint\",\"urlTemplate\":\"https:\\\/\\\/www.carolesthetique-aix.fr\\\/?s={search_term_string}\"},\"query-input\":{\"@type\":\"PropertyValueSpecification\",\"valueRequired\":true,\"valueName\":\"search_term_string\"}}],\"inLanguage\":\"fr-FR\"},{\"@type\":\"Person\",\"@id\":\"https:\\\/\\\/www.carolesthetique-aix.fr\\\/#\\\/schema\\\/person\\\/25bdfe73d389cb35869ede08fdd02981\",\"name\":\"carol\",\"image\":{\"@type\":\"ImageObject\",\"inLanguage\":\"fr-FR\",\"@id\":\"https:\\\/\\\/secure.gravatar.com\\\/avatar\\\/01d167d3b0b26086e4335ff35abcc8ccfc58bef7119c1a82feeeaadd33979c35?s=96&d=mm&r=g\",\"url\":\"https:\\\/\\\/secure.gravatar.com\\\/avatar\\\/01d167d3b0b26086e4335ff35abcc8ccfc58bef7119c1a82feeeaadd33979c35?s=96&d=mm&r=g\",\"contentUrl\":\"https:\\\/\\\/secure.gravatar.com\\\/avatar\\\/01d167d3b0b26086e4335ff35abcc8ccfc58bef7119c1a82feeeaadd33979c35?s=96&d=mm&r=g\",\"caption\":\"carol\"},\"sameAs\":[\"https:\\\/\\\/carolesthetique-aix.fr\"],\"url\":\"https:\\\/\\\/www.carolesthetique-aix.fr\\\/index.php\\\/author\\\/carol\\\/\"}]}<\/script>\n<!-- \/ Yoast SEO plugin. -->","yoast_head_json":{"title":"Soins en famille","description":"Aujourd'hui, direction Saint-Cannat dans une maison de vacances pour un instant de soins en famille. Au menu, s\u00e9ance manucure et p\u00e9dicure pour les adultes, et pose de vernis pour les enfants :-)","robots":{"index":"index","follow":"follow","max-snippet":"max-snippet:-1","max-image-preview":"max-image-preview:large","max-video-preview":"max-video-preview:-1"},"canonical":"https:\/\/www.carolesthetique-aix.fr\/index.php\/2017\/08\/10\/20170810-soins-famille\/","og_locale":"fr_FR","og_type":"article","og_title":"Soins en famille","og_description":"Aujourd'hui, direction Saint-Cannat dans une maison de vacances pour un instant de soins en famille. Au menu, s\u00e9ance manucure et p\u00e9dicure pour les adultes, et pose de vernis pour les enfants :-)","og_url":"https:\/\/www.carolesthetique-aix.fr\/index.php\/2017\/08\/10\/20170810-soins-famille\/","og_site_name":"Carol&#039;Esth\u00e9tique","article_publisher":"https:\/\/www.facebook.com\/CarolEsth%c3%a9tique-515793245268554\/","article_published_time":"2017-08-10T19:45:44+00:00","article_modified_time":"2021-04-25T20:41:06+00:00","og_image":[{"width":800,"height":450,"url":"https:\/\/www.carolesthetique-aix.fr\/wp-content\/uploads\/2017\/08\/20170810_Soins_Famille.jpg","type":"image\/jpeg"}],"author":"carol","twitter_card":"summary_large_image","twitter_misc":{"\u00c9crit par":"carol","Dur\u00e9e de lecture estim\u00e9e":"1 minute"},"schema":{"@context":"https:\/\/schema.org","@graph":[{"@type":"Article","@id":"https:\/\/www.carolesthetique-aix.fr\/index.php\/2017\/08\/10\/20170810-soins-famille\/#article","isPartOf":{"@id":"https:\/\/www.carolesthetique-aix.fr\/index.php\/2017\/08\/10\/20170810-soins-famille\/"},"author":{"name":"carol","@id":"https:\/\/www.carolesthetique-aix.fr\/#\/schema\/person\/25bdfe73d389cb35869ede08fdd02981"},"headline":"Soins en famille","datePublished":"2017-08-10T19:45:44+00:00","dateModified":"2021-04-25T20:41:06+00:00","mainEntityOfPage":{"@id":"https:\/\/www.carolesthetique-aix.fr\/index.php\/2017\/08\/10\/20170810-soins-famille\/"},"wordCount":61,"image":{"@id":"https:\/\/www.carolesthetique-aix.fr\/index.php\/2017\/08\/10\/20170810-soins-famille\/#primaryimage"},"thumbnailUrl":"https:\/\/www.carolesthetique-aix.fr\/wp-content\/uploads\/2017\/08\/20170810_Soins_Famille.jpg","keywords":["#beaut\u00e9desmains\u00e0domicileaix","#ongles","#soins","#soinsenfamille"],"articleSection":["Blog","Soins"],"inLanguage":"fr-FR"},{"@type":"WebPage","@id":"https:\/\/www.carolesthetique-aix.fr\/index.php\/2017\/08\/10\/20170810-soins-famille\/","url":"https:\/\/www.carolesthetique-aix.fr\/index.php\/2017\/08\/10\/20170810-soins-famille\/","name":"Soins en famille","isPartOf":{"@id":"https:\/\/www.carolesthetique-aix.fr\/#website"},"primaryImageOfPage":{"@id":"https:\/\/www.carolesthetique-aix.fr\/index.php\/2017\/08\/10\/20170810-soins-famille\/#primaryimage"},"image":{"@id":"https:\/\/www.carolesthetique-aix.fr\/index.php\/2017\/08\/10\/20170810-soins-famille\/#primaryimage"},"thumbnailUrl":"https:\/\/www.carolesthetique-aix.fr\/wp-content\/uploads\/2017\/08\/20170810_Soins_Famille.jpg","datePublished":"2017-08-10T19:45:44+00:00","dateModified":"2021-04-25T20:41:06+00:00","author":{"@id":"https:\/\/www.carolesthetique-aix.fr\/#\/schema\/person\/25bdfe73d389cb35869ede08fdd02981"},"description":"Aujourd'hui, direction Saint-Cannat dans une maison de vacances pour un instant de soins en famille. Au menu, s\u00e9ance manucure et p\u00e9dicure pour les adultes, et pose de vernis pour les enfants :-)","breadcrumb":{"@id":"https:\/\/www.carolesthetique-aix.fr\/index.php\/2017\/08\/10\/20170810-soins-famille\/#breadcrumb"},"inLanguage":"fr-FR","potentialAction":[{"@type":"ReadAction","target":["https:\/\/www.carolesthetique-aix.fr\/index.php\/2017\/08\/10\/20170810-soins-famille\/"]}]},{"@type":"ImageObject","inLanguage":"fr-FR","@id":"https:\/\/www.carolesthetique-aix.fr\/index.php\/2017\/08\/10\/20170810-soins-famille\/#primaryimage","url":"https:\/\/www.carolesthetique-aix.fr\/wp-content\/uploads\/2017\/08\/20170810_Soins_Famille.jpg","contentUrl":"https:\/\/www.carolesthetique-aix.fr\/wp-content\/uploads\/2017\/08\/20170810_Soins_Famille.jpg","width":800,"height":450,"caption":"Soins famille"},{"@type":"BreadcrumbList","@id":"https:\/\/www.carolesthetique-aix.fr\/index.php\/2017\/08\/10\/20170810-soins-famille\/#breadcrumb","itemListElement":[{"@type":"ListItem","position":1,"name":"Accueil","item":"https:\/\/www.carolesthetique-aix.fr\/"},{"@type":"ListItem","position":2,"name":"Soins en famille"}]},{"@type":"WebSite","@id":"https:\/\/www.carolesthetique-aix.fr\/#website","url":"https:\/\/www.carolesthetique-aix.fr\/","name":"Carol&#039;Esth\u00e9tique","description":"Maquillages et \u00c9v\u00e8nements Beaut\u00e9 \u00e0 Domicile","potentialAction":[{"@type":"SearchAction","target":{"@type":"EntryPoint","urlTemplate":"https:\/\/www.carolesthetique-aix.fr\/?s={search_term_string}"},"query-input":{"@type":"PropertyValueSpecification","valueRequired":true,"valueName":"search_term_string"}}],"inLanguage":"fr-FR"},{"@type":"Person","@id":"https:\/\/www.carolesthetique-aix.fr\/#\/schema\/person\/25bdfe73d389cb35869ede08fdd02981","name":"carol","image":{"@type":"ImageObject","inLanguage":"fr-FR","@id":"https:\/\/secure.gravatar.com\/avatar\/01d167d3b0b26086e4335ff35abcc8ccfc58bef7119c1a82feeeaadd33979c35?s=96&d=mm&r=g","url":"https:\/\/secure.gravatar.com\/avatar\/01d167d3b0b26086e4335ff35abcc8ccfc58bef7119c1a82feeeaadd33979c35?s=96&d=mm&r=g","contentUrl":"https:\/\/secure.gravatar.com\/avatar\/01d167d3b0b26086e4335ff35abcc8ccfc58bef7119c1a82feeeaadd33979c35?s=96&d=mm&r=g","caption":"carol"},"sameAs":["https:\/\/carolesthetique-aix.fr"],"url":"https:\/\/www.carolesthetique-aix.fr\/index.php\/author\/carol\/"}]}},"_links":{"self":[{"href":"https:\/\/www.carolesthetique-aix.fr\/index.php\/wp-json\/wp\/v2\/posts\/1084","targetHints":{"allow":["GET"]}}],"collection":[{"href":"https:\/\/www.carolesthetique-aix.fr\/index.php\/wp-json\/wp\/v2\/posts"}],"about":[{"href":"https:\/\/www.carolesthetique-aix.fr\/index.php\/wp-json\/wp\/v2\/types\/post"}],"author":[{"embeddable":true,"href":"https:\/\/www.carolesthetique-aix.fr\/index.php\/wp-json\/wp\/v2\/users\/1"}],"replies":[{"embeddable":true,"href":"https:\/\/www.carolesthetique-aix.fr\/index.php\/wp-json\/wp\/v2\/comments?post=1084"}],"version-history":[{"count":6,"href":"https:\/\/www.carolesthetique-aix.fr\/index.php\/wp-json\/wp\/v2\/posts\/1084\/revisions"}],"predecessor-version":[{"id":2269,"href":"https:\/\/www.carolesthetique-aix.fr\/index.php\/wp-json\/wp\/v2\/posts\/1084\/revisions\/2269"}],"wp:featuredmedia":[{"embeddable":true,"href":"https:\/\/www.carolesthetique-aix.fr\/index.php\/wp-json\/wp\/v2\/media\/1087"}],"wp:attachment":[{"href":"https:\/\/www.carolesthetique-aix.fr\/index.php\/wp-json\/wp\/v2\/media?parent=1084"}],"wp:term":[{"taxonomy":"category","embeddable":true,"href":"https:\/\/www.carolesthetique-aix.fr\/index.php\/wp-json\/wp\/v2\/categories?post=1084"},{"taxonomy":"post_tag","embeddable":true,"href":"https:\/\/www.carolesthetique-aix.fr\/index.php\/wp-json\/wp\/v2\/tags?post=1084"}],"curies":[{"name":"wp","href":"https:\/\/api.w.org\/{rel}","templated":true}]}}